{"id":851,"date":"2013-08-07T16:08:34","date_gmt":"2013-08-07T16:08:34","guid":{"rendered":"https:\/\/aplicacao.rio.br\/vilamilitar\/?p=851"},"modified":"2013-08-27T21:05:03","modified_gmt":"2013-08-27T21:05:03","slug":"matriculas-abertas","status":"publish","type":"post","link":"https:\/\/aplicacao.rio.br\/vilamilitar\/matriculas-abertas\/","title":{"rendered":"Matr\u00edculas abertas! Venha nos conhecer"},"content":{"rendered":"<p>Se voc\u00ea est\u00e1 procurando um novo col\u00e9gio para o seu filho, acabou de encontrar.<\/p>\n<p>Mas o Col\u00e9gio e Curso Aplica\u00e7\u00e3o n\u00e3o \u00e9 apenas um novo col\u00e9gio. Ele \u00e9 o mais novo fruto de uma hist\u00f3ria em prol da educa\u00e7\u00e3o de qualidade no Rio de Janeiro que j\u00e1 dura mais de 40 anos e contribuiu na forma\u00e7\u00e3o de milhares de cidad\u00e3os cariocas.<\/p>\n<p><span style=\"color: #008080;\"><strong>Venha nos visitar, avaliar a qualidade de nossas instala\u00e7\u00f5es e conhecer mais sobre a nossa proposta pedag\u00f3gica e as condi\u00e7\u00f5es especiais para filhos de militares e funcion\u00e1rios das empresas conveniadas, al\u00e9m dos valores com desconto para a matr\u00edcula de 2 filhos ou mais.<\/strong><\/span><\/p>\n<p>Ligue agora 3357-1165 e agende a sua visita ou venha diretamente, de segunda \u00e0 sexta, das 8h \u00e0s 17h, na Estrada S\u00e3o Pedro de Alc\u00e2ntara, 1.760 &#8211; Vila Militar.<\/p>\n<p>Aguardamos o seu contato!<\/p>\n","protected":false},"excerpt":{"rendered":"<p>Se voc\u00ea est\u00e1 procurando um novo col\u00e9gio para o seu filho, acabou de encontrar. Mas o Col\u00e9gio e Curso Aplica\u00e7\u00e3o n\u00e3o \u00e9 apenas um novo col\u00e9gio. Ele \u00e9 o mais novo fruto de uma hist\u00f3ria em prol da educa\u00e7\u00e3o de qualidade no Rio de Janeiro que j\u00e1 dura mais de 40 anos e contribuiu na forma\u00e7\u00e3o de milhares de cidad\u00e3os cariocas. Venha nos visitar, avaliar a qualidade de nossas instala\u00e7\u00f5es&hellip;<\/p>\n","protected":false},"author":4918,"featured_media":1049,"comment_status":"open","ping_status":"open","sticky":false,"template":"","format":"image","meta":{"footnotes":"","_links_to":"","_links_to_target":""},"categories":[1],"tags":[],"class_list":["post-851","post","type-post","status-publish","format-image","has-post-thumbnail","hentry","category-noticias","post_format-post-format-image"],"_links":{"self":[{"href":"https:\/\/aplicacao.rio.br\/vilamilitar\/wp-json\/wp\/v2\/posts\/851","targetHints":{"allow":["GET"]}}],"collection":[{"href":"https:\/\/aplicacao.rio.br\/vilamilitar\/wp-json\/wp\/v2\/posts"}],"about":[{"href":"https:\/\/aplicacao.rio.br\/vilamilitar\/wp-json\/wp\/v2\/types\/post"}],"author":[{"embeddable":true,"href":"https:\/\/aplicacao.rio.br\/vilamilitar\/wp-json\/wp\/v2\/users\/4918"}],"replies":[{"embeddable":true,"href":"https:\/\/aplicacao.rio.br\/vilamilitar\/wp-json\/wp\/v2\/comments?post=851"}],"version-history":[{"count":9,"href":"https:\/\/aplicacao.rio.br\/vilamilitar\/wp-json\/wp\/v2\/posts\/851\/revisions"}],"predecessor-version":[{"id":1131,"href":"https:\/\/aplicacao.rio.br\/vilamilitar\/wp-json\/wp\/v2\/posts\/851\/revisions\/1131"}],"wp:featuredmedia":[{"embeddable":true,"href":"https:\/\/aplicacao.rio.br\/vilamilitar\/wp-json\/wp\/v2\/media\/1049"}],"wp:attachment":[{"href":"https:\/\/aplicacao.rio.br\/vilamilitar\/wp-json\/wp\/v2\/media?parent=851"}],"wp:term":[{"taxonomy":"category","embeddable":true,"href":"https:\/\/aplicacao.rio.br\/vilamilitar\/wp-json\/wp\/v2\/categories?post=851"},{"taxonomy":"post_tag","embeddable":true,"href":"https:\/\/aplicacao.rio.br\/vilamilitar\/wp-json\/wp\/v2\/tags?post=851"}],"curies":[{"name":"wp","href":"https:\/\/api.w.org\/{rel}","templated":true}]}}