{"id":848,"date":"2013-08-07T16:07:28","date_gmt":"2013-08-07T16:07:28","guid":{"rendered":"https:\/\/aplicacao.rio.br\/vilamilitar\/?p=848"},"modified":"2014-01-02T14:05:15","modified_gmt":"2014-01-02T14:05:15","slug":"inauguracao","status":"publish","type":"post","link":"https:\/\/aplicacao.rio.br\/vilamilitar\/inauguracao\/","title":{"rendered":"Inaugura\u00e7\u00e3o do Col\u00e9gio e Curso Aplica\u00e7\u00e3o"},"content":{"rendered":"<p>No dia 8 de agosto de 2013 foi inaugurado o Col\u00e9gio e Curso Aplica\u00e7\u00e3o, com a presen\u00e7a dos Comandante da 1\u00aa Divis\u00e3o do Ex\u00e9rcito, General Jos\u00e9 Alberto da Costa Abreu e do Reitor das Faculdades S\u00e3o Jos\u00e9, Prof. Ant\u00f4nio Jos\u00e9 Zaib, que realizaram o descerramento da placa comemorativa da inaugura\u00e7\u00e3o.<\/p>\n<p>Com muito orgulho, o Prof. Ant\u00f4nio Jos\u00e9 Zaib proferiu seu discurso ressaltando a import\u00e2ncia da educa\u00e7\u00e3o para o desenvolvimento regional e nacional, refor\u00e7ando o seu compromisso com a qualidade do ensino e sua f\u00e9 inabal\u00e1vel no sucesso dessa nova iniciativa, que vem se somar aos seus 65 anos dedicados \u00e0 educa\u00e7\u00e3o na Zona Oeste.<\/p>\n<p>O diretor pedag\u00f3gico, Prof. Valdomiro Dockhorn, e a vice-diretora pedag\u00f3gica, Profa. Vania Lucia, apresentaram a proposta pedag\u00f3gica do novo col\u00e9gio, enquanto o diretor administrativo e Financeiro, Dr. Jos\u00e9 Ant\u00f4nio de P\u00e1dua Zaib, reafirmou o compromisso da fam\u00edlia Zaib com\u00a0 a educa\u00e7\u00e3o e o seu orgulho em entregar mais uma unidade de ensino com conforto, qualidade e tecnologia para os futuros alunos do Col\u00e9gio e Curso Aplica\u00e7\u00e3o.<\/p>\n<p>Na plateia, convidados e profissionais do novo col\u00e9gio, das Faculdades S\u00e3o Jos\u00e9 e do Col\u00e9gio Realengo se confraternizavam por essa conquista, que \u00e9 fruto do trabalho conjunto, cont\u00ednuo e di\u00e1rio de toda essa equipe.<\/p>\n<p><span style=\"color: #008080;\"><strong>Vida longa ao Col\u00e9gio e Curso Aplica\u00e7\u00e3o!<\/strong><\/span><\/p>\n<p>[gallery_bank album_id=1]<\/p>\n","protected":false},"excerpt":{"rendered":"<p>No dia 8 de agosto de 2013 foi inaugurado o Col\u00e9gio e Curso Aplica\u00e7\u00e3o, com a presen\u00e7a dos Comandante da 1\u00aa Divis\u00e3o do Ex\u00e9rcito, General Jos\u00e9 Alberto da Costa Abreu e do Reitor das Faculdades S\u00e3o Jos\u00e9, Prof. Ant\u00f4nio Jos\u00e9 Zaib, que realizaram o descerramento da placa comemorativa da inaugura\u00e7\u00e3o. Com muito orgulho, o Prof. Ant\u00f4nio Jos\u00e9 Zaib proferiu seu discurso ressaltando a import\u00e2ncia da educa\u00e7\u00e3o para o desenvolvimento regional&hellip;<\/p>\n","protected":false},"author":4918,"featured_media":1105,"comment_status":"closed","ping_status":"closed","sticky":false,"template":"","format":"image","meta":{"footnotes":"","_links_to":"","_links_to_target":""},"categories":[11,9],"tags":[],"class_list":["post-848","post","type-post","status-publish","format-image","has-post-thumbnail","hentry","category-eventos","category-proximos-eventos","post_format-post-format-image"],"_links":{"self":[{"href":"https:\/\/aplicacao.rio.br\/vilamilitar\/wp-json\/wp\/v2\/posts\/848","targetHints":{"allow":["GET"]}}],"collection":[{"href":"https:\/\/aplicacao.rio.br\/vilamilitar\/wp-json\/wp\/v2\/posts"}],"about":[{"href":"https:\/\/aplicacao.rio.br\/vilamilitar\/wp-json\/wp\/v2\/types\/post"}],"author":[{"embeddable":true,"href":"https:\/\/aplicacao.rio.br\/vilamilitar\/wp-json\/wp\/v2\/users\/4918"}],"replies":[{"embeddable":true,"href":"https:\/\/aplicacao.rio.br\/vilamilitar\/wp-json\/wp\/v2\/comments?post=848"}],"version-history":[{"count":32,"href":"https:\/\/aplicacao.rio.br\/vilamilitar\/wp-json\/wp\/v2\/posts\/848\/revisions"}],"predecessor-version":[{"id":1071,"href":"https:\/\/aplicacao.rio.br\/vilamilitar\/wp-json\/wp\/v2\/posts\/848\/revisions\/1071"}],"wp:featuredmedia":[{"embeddable":true,"href":"https:\/\/aplicacao.rio.br\/vilamilitar\/wp-json\/wp\/v2\/media\/1105"}],"wp:attachment":[{"href":"https:\/\/aplicacao.rio.br\/vilamilitar\/wp-json\/wp\/v2\/media?parent=848"}],"wp:term":[{"taxonomy":"category","embeddable":true,"href":"https:\/\/aplicacao.rio.br\/vilamilitar\/wp-json\/wp\/v2\/categories?post=848"},{"taxonomy":"post_tag","embeddable":true,"href":"https:\/\/aplicacao.rio.br\/vilamilitar\/wp-json\/wp\/v2\/tags?post=848"}],"curies":[{"name":"wp","href":"https:\/\/api.w.org\/{rel}","templated":true}]}}