{"id":7773,"date":"2015-06-03T16:20:40","date_gmt":"2015-06-03T16:20:40","guid":{"rendered":"https:\/\/aplicacao.rio.br\/vilamilitar\/?p=7773"},"modified":"2015-06-03T16:20:40","modified_gmt":"2015-06-03T16:20:40","slug":"retas-paralelas-e-concorrentes","status":"publish","type":"post","link":"https:\/\/aplicacao.rio.br\/vilamilitar\/retas-paralelas-e-concorrentes\/","title":{"rendered":"Retas Paralelas e Concorrentes"},"content":{"rendered":"<p><strong><span style=\"color: #008080;\">Aula de Matem\u00e1tica\u00a0integrada com\u00a0 Educa\u00e7\u00e3o Art\u00edstica para &#8220;Aplicar&#8221; conhecimentos sobre retas paralelas e concorrentes.<\/span><\/strong><\/p>\n<p>O tema foi desenvolvido com muita criatividade,\u00a0\u00a0com utiliza\u00e7\u00e3o de materiais simples como palitos de picol\u00e9.<\/p>\n<p>Os alunos do 4\u00ba ano\u00a0deram asas \u00e0 imagina\u00e7\u00e3o, junto com a professora Sandra.<\/p>\n<p>[gallery_bank album_id=88]<\/p>\n","protected":false},"excerpt":{"rendered":"<p>Aula de Matem\u00e1tica\u00a0integrada com\u00a0 Educa\u00e7\u00e3o Art\u00edstica para &#8220;Aplicar&#8221; conhecimentos sobre retas paralelas e concorrentes. O tema foi desenvolvido com muita criatividade,\u00a0\u00a0com utiliza\u00e7\u00e3o de materiais simples como palitos de picol\u00e9. Os alunos do 4\u00ba ano\u00a0deram asas \u00e0 imagina\u00e7\u00e3o, junto com a professora Sandra. [gallery_bank album_id=88]<\/p>\n","protected":false},"author":4918,"featured_media":0,"comment_status":"closed","ping_status":"open","sticky":false,"template":"","format":"standard","meta":{"footnotes":"","_links_to":"","_links_to_target":""},"categories":[11],"tags":[],"class_list":["post-7773","post","type-post","status-publish","format-standard","hentry","category-eventos"],"_links":{"self":[{"href":"https:\/\/aplicacao.rio.br\/vilamilitar\/wp-json\/wp\/v2\/posts\/7773","targetHints":{"allow":["GET"]}}],"collection":[{"href":"https:\/\/aplicacao.rio.br\/vilamilitar\/wp-json\/wp\/v2\/posts"}],"about":[{"href":"https:\/\/aplicacao.rio.br\/vilamilitar\/wp-json\/wp\/v2\/types\/post"}],"author":[{"embeddable":true,"href":"https:\/\/aplicacao.rio.br\/vilamilitar\/wp-json\/wp\/v2\/users\/4918"}],"replies":[{"embeddable":true,"href":"https:\/\/aplicacao.rio.br\/vilamilitar\/wp-json\/wp\/v2\/comments?post=7773"}],"version-history":[{"count":1,"href":"https:\/\/aplicacao.rio.br\/vilamilitar\/wp-json\/wp\/v2\/posts\/7773\/revisions"}],"predecessor-version":[{"id":7774,"href":"https:\/\/aplicacao.rio.br\/vilamilitar\/wp-json\/wp\/v2\/posts\/7773\/revisions\/7774"}],"wp:attachment":[{"href":"https:\/\/aplicacao.rio.br\/vilamilitar\/wp-json\/wp\/v2\/media?parent=7773"}],"wp:term":[{"taxonomy":"category","embeddable":true,"href":"https:\/\/aplicacao.rio.br\/vilamilitar\/wp-json\/wp\/v2\/categories?post=7773"},{"taxonomy":"post_tag","embeddable":true,"href":"https:\/\/aplicacao.rio.br\/vilamilitar\/wp-json\/wp\/v2\/tags?post=7773"}],"curies":[{"name":"wp","href":"https:\/\/api.w.org\/{rel}","templated":true}]}}