{"id":6225,"date":"2015-04-29T17:57:10","date_gmt":"2015-04-29T17:57:10","guid":{"rendered":"https:\/\/aplicacao.rio.br\/vilamilitar\/?p=6225"},"modified":"2015-04-30T18:50:31","modified_gmt":"2015-04-30T18:50:31","slug":"visita-ilustre-reconhecida","status":"publish","type":"post","link":"https:\/\/aplicacao.rio.br\/vilamilitar\/visita-ilustre-reconhecida\/","title":{"rendered":"TARDE DE AUT\u00d3GRAFOS"},"content":{"rendered":"<p>Nosso Reitor, Prof Ant\u00f4nio Jos\u00e9 Zaib,\u00a0transmite\u00a0sempre um sentimento de acolhimento e carisma em todos de sua conviv\u00eancia.<\/p>\n<p>N\u00e3o podia ser diferente quando se\u00a0encontra com nossos alunos pelo p\u00e1tio e\u00a0corredores da escola.<\/p>\n<p><span style=\"color: #008080;\"><strong>Com muito carinho, Prof Ant\u00f4nio Jos\u00e9\u00a0Zaib, distribuiu aut\u00f3grafos na tarde de 28\/04,\u00a0atendendo\u00a0as solicita\u00e7\u00f5es dos alunos, escrevendo uma dedicat\u00f3ria personalizada para cada um deles.<\/strong><\/span><\/p>\n<p>[gallery_bank album_id=80]<\/p>\n","protected":false},"excerpt":{"rendered":"<p>Nosso Reitor, Prof Ant\u00f4nio Jos\u00e9 Zaib,\u00a0transmite\u00a0sempre um sentimento de acolhimento e carisma em todos de sua conviv\u00eancia. N\u00e3o podia ser diferente quando se\u00a0encontra com nossos alunos pelo p\u00e1tio e\u00a0corredores da escola. Com muito carinho, Prof Ant\u00f4nio Jos\u00e9\u00a0Zaib, distribuiu aut\u00f3grafos na tarde de 28\/04,\u00a0atendendo\u00a0as solicita\u00e7\u00f5es dos alunos, escrevendo uma dedicat\u00f3ria personalizada para cada um deles. [gallery_bank album_id=80]<\/p>\n","protected":false},"author":4918,"featured_media":0,"comment_status":"closed","ping_status":"open","sticky":false,"template":"","format":"standard","meta":{"footnotes":"","_links_to":"","_links_to_target":""},"categories":[1],"tags":[],"class_list":["post-6225","post","type-post","status-publish","format-standard","hentry","category-noticias"],"_links":{"self":[{"href":"https:\/\/aplicacao.rio.br\/vilamilitar\/wp-json\/wp\/v2\/posts\/6225","targetHints":{"allow":["GET"]}}],"collection":[{"href":"https:\/\/aplicacao.rio.br\/vilamilitar\/wp-json\/wp\/v2\/posts"}],"about":[{"href":"https:\/\/aplicacao.rio.br\/vilamilitar\/wp-json\/wp\/v2\/types\/post"}],"author":[{"embeddable":true,"href":"https:\/\/aplicacao.rio.br\/vilamilitar\/wp-json\/wp\/v2\/users\/4918"}],"replies":[{"embeddable":true,"href":"https:\/\/aplicacao.rio.br\/vilamilitar\/wp-json\/wp\/v2\/comments?post=6225"}],"version-history":[{"count":5,"href":"https:\/\/aplicacao.rio.br\/vilamilitar\/wp-json\/wp\/v2\/posts\/6225\/revisions"}],"predecessor-version":[{"id":6228,"href":"https:\/\/aplicacao.rio.br\/vilamilitar\/wp-json\/wp\/v2\/posts\/6225\/revisions\/6228"}],"wp:attachment":[{"href":"https:\/\/aplicacao.rio.br\/vilamilitar\/wp-json\/wp\/v2\/media?parent=6225"}],"wp:term":[{"taxonomy":"category","embeddable":true,"href":"https:\/\/aplicacao.rio.br\/vilamilitar\/wp-json\/wp\/v2\/categories?post=6225"},{"taxonomy":"post_tag","embeddable":true,"href":"https:\/\/aplicacao.rio.br\/vilamilitar\/wp-json\/wp\/v2\/tags?post=6225"}],"curies":[{"name":"wp","href":"https:\/\/api.w.org\/{rel}","templated":true}]}}