{"id":3072,"date":"2014-08-25T23:28:26","date_gmt":"2014-08-25T23:28:26","guid":{"rendered":"https:\/\/aplicacao.rio.br\/vilamilitar\/?p=3072"},"modified":"2014-08-25T23:29:28","modified_gmt":"2014-08-25T23:29:28","slug":"conhecendo-o-folclore-brasileiro","status":"publish","type":"post","link":"https:\/\/aplicacao.rio.br\/vilamilitar\/conhecendo-o-folclore-brasileiro\/","title":{"rendered":"Conhecendo o Folclore Brasileiro"},"content":{"rendered":"<p>O dia 22 de agosto, <span style=\"color: #008080;\"><strong>Dia do Folclore<\/strong><\/span>, foi\u00a0um dia \u00a0de muita\u00a0alegria no Col\u00e9gio e Curso Aplica\u00e7\u00e3o!<\/p>\n<p>Personagens, lendas, mitos, costumes,\u00a0objetos, alimentos, trava-l\u00ednguas, brinquedos e\u00a0brincadeiras povoaram\u00a0a nossa tarde.<\/p>\n<p>Sacis\u00a0presos em\u00a0 garrafas,\u00a0 Boto-cor-de-rosa, Curupira, Mula sem Cabe\u00e7a, \u00a0Iara, Boi-Bumb\u00e1 &#8230;<\/p>\n<p>Brincadeiras de Serra-serra, de bate-bate, \u00a0bolas de meias, bolas de gude, petecas, cordas&#8230; e uma enorme Ciranda levaram nossos alunos a conhecerem um pouco mais sobre a Cultura Brasileira.<\/p>\n<p>&nbsp;<\/p>\n<p>[gallery_bank album_id=40]<\/p>\n","protected":false},"excerpt":{"rendered":"<p>O dia 22 de agosto, Dia do Folclore, foi\u00a0um dia \u00a0de muita\u00a0alegria no Col\u00e9gio e Curso Aplica\u00e7\u00e3o! Personagens, lendas, mitos, costumes,\u00a0objetos, alimentos, trava-l\u00ednguas, brinquedos e\u00a0brincadeiras povoaram\u00a0a nossa tarde. Sacis\u00a0presos em\u00a0 garrafas,\u00a0 Boto-cor-de-rosa, Curupira, Mula sem Cabe\u00e7a, \u00a0Iara, Boi-Bumb\u00e1 &#8230; Brincadeiras de Serra-serra, de bate-bate, \u00a0bolas de meias, bolas de gude, petecas, cordas&#8230; e uma enorme Ciranda levaram nossos alunos a conhecerem um pouco mais sobre a Cultura Brasileira. &nbsp; [gallery_bank&hellip;<\/p>\n","protected":false},"author":4918,"featured_media":0,"comment_status":"closed","ping_status":"open","sticky":false,"template":"","format":"standard","meta":{"footnotes":"","_links_to":"","_links_to_target":""},"categories":[10,8],"tags":[],"class_list":["post-3072","post","type-post","status-publish","format-standard","hentry","category-calendario-academico","category-eventos-realizados"],"_links":{"self":[{"href":"https:\/\/aplicacao.rio.br\/vilamilitar\/wp-json\/wp\/v2\/posts\/3072","targetHints":{"allow":["GET"]}}],"collection":[{"href":"https:\/\/aplicacao.rio.br\/vilamilitar\/wp-json\/wp\/v2\/posts"}],"about":[{"href":"https:\/\/aplicacao.rio.br\/vilamilitar\/wp-json\/wp\/v2\/types\/post"}],"author":[{"embeddable":true,"href":"https:\/\/aplicacao.rio.br\/vilamilitar\/wp-json\/wp\/v2\/users\/4918"}],"replies":[{"embeddable":true,"href":"https:\/\/aplicacao.rio.br\/vilamilitar\/wp-json\/wp\/v2\/comments?post=3072"}],"version-history":[{"count":3,"href":"https:\/\/aplicacao.rio.br\/vilamilitar\/wp-json\/wp\/v2\/posts\/3072\/revisions"}],"predecessor-version":[{"id":3075,"href":"https:\/\/aplicacao.rio.br\/vilamilitar\/wp-json\/wp\/v2\/posts\/3072\/revisions\/3075"}],"wp:attachment":[{"href":"https:\/\/aplicacao.rio.br\/vilamilitar\/wp-json\/wp\/v2\/media?parent=3072"}],"wp:term":[{"taxonomy":"category","embeddable":true,"href":"https:\/\/aplicacao.rio.br\/vilamilitar\/wp-json\/wp\/v2\/categories?post=3072"},{"taxonomy":"post_tag","embeddable":true,"href":"https:\/\/aplicacao.rio.br\/vilamilitar\/wp-json\/wp\/v2\/tags?post=3072"}],"curies":[{"name":"wp","href":"https:\/\/api.w.org\/{rel}","templated":true}]}}