{"id":2406,"date":"2014-07-31T12:26:02","date_gmt":"2014-07-31T12:26:02","guid":{"rendered":"https:\/\/aplicacao.rio.br\/vilamilitar\/?p=2406"},"modified":"2014-07-31T12:26:02","modified_gmt":"2014-07-31T12:26:02","slug":"formando-leitores","status":"publish","type":"post","link":"https:\/\/aplicacao.rio.br\/vilamilitar\/formando-leitores\/","title":{"rendered":"Formando Leitores"},"content":{"rendered":"<p><span style=\"color: #008080;\"><strong>Nossa biblioteca recebeu o nome do poeta Vin\u00edcius de Moraes<\/strong><\/span>, foi escolhido pelos alunos atrav\u00e9s de uma elei\u00e7\u00e3o direta.<\/p>\n<p>A equipe de l\u00edngua portuguesa realizou projetos liter\u00e1rios com cinco nomes de acordo com cada s\u00e9rie: Carlos Drummond de Andrade, Vinicius de Moraes, Jorge Amado, Monteiro Lobato e Maria Clara Machado.<\/p>\n<p>Foi proposto que os alunos fizessem trabalhos de pesquisa sobre os autores e que apresentassem seus trabalhos em turma.<\/p>\n<p>Depois disso, com base no que eles descobriram nas biografias, elegeram Vinicius de Moraes como o nome representante da biblioteca do Col\u00e9gio Aplica\u00e7\u00e3o.<\/p>\n<p><span style=\"color: #008080;\"><strong>Novos t\u00edtulos foram adquiridos para a Biblioteca e os empr\u00e9stimos est\u00e3o acontecendo \u00e0 todo vapor!!!!<\/strong><\/span><\/p>\n<p>&nbsp;<\/p>\n<p>[gallery_bank album_id=31]<\/p>\n","protected":false},"excerpt":{"rendered":"<p>Nossa biblioteca recebeu o nome do poeta Vin\u00edcius de Moraes, foi escolhido pelos alunos atrav\u00e9s de uma elei\u00e7\u00e3o direta. A equipe de l\u00edngua portuguesa realizou projetos liter\u00e1rios com cinco nomes de acordo com cada s\u00e9rie: Carlos Drummond de Andrade, Vinicius de Moraes, Jorge Amado, Monteiro Lobato e Maria Clara Machado. Foi proposto que os alunos fizessem trabalhos de pesquisa sobre os autores e que apresentassem seus trabalhos em turma. Depois&hellip;<\/p>\n","protected":false},"author":4918,"featured_media":0,"comment_status":"closed","ping_status":"open","sticky":false,"template":"","format":"standard","meta":{"footnotes":"","_links_to":"","_links_to_target":""},"categories":[1],"tags":[],"class_list":["post-2406","post","type-post","status-publish","format-standard","hentry","category-noticias"],"_links":{"self":[{"href":"https:\/\/aplicacao.rio.br\/vilamilitar\/wp-json\/wp\/v2\/posts\/2406","targetHints":{"allow":["GET"]}}],"collection":[{"href":"https:\/\/aplicacao.rio.br\/vilamilitar\/wp-json\/wp\/v2\/posts"}],"about":[{"href":"https:\/\/aplicacao.rio.br\/vilamilitar\/wp-json\/wp\/v2\/types\/post"}],"author":[{"embeddable":true,"href":"https:\/\/aplicacao.rio.br\/vilamilitar\/wp-json\/wp\/v2\/users\/4918"}],"replies":[{"embeddable":true,"href":"https:\/\/aplicacao.rio.br\/vilamilitar\/wp-json\/wp\/v2\/comments?post=2406"}],"version-history":[{"count":1,"href":"https:\/\/aplicacao.rio.br\/vilamilitar\/wp-json\/wp\/v2\/posts\/2406\/revisions"}],"predecessor-version":[{"id":2407,"href":"https:\/\/aplicacao.rio.br\/vilamilitar\/wp-json\/wp\/v2\/posts\/2406\/revisions\/2407"}],"wp:attachment":[{"href":"https:\/\/aplicacao.rio.br\/vilamilitar\/wp-json\/wp\/v2\/media?parent=2406"}],"wp:term":[{"taxonomy":"category","embeddable":true,"href":"https:\/\/aplicacao.rio.br\/vilamilitar\/wp-json\/wp\/v2\/categories?post=2406"},{"taxonomy":"post_tag","embeddable":true,"href":"https:\/\/aplicacao.rio.br\/vilamilitar\/wp-json\/wp\/v2\/tags?post=2406"}],"curies":[{"name":"wp","href":"https:\/\/api.w.org\/{rel}","templated":true}]}}