{"id":2262,"date":"2014-07-10T14:08:33","date_gmt":"2014-07-10T14:08:33","guid":{"rendered":"https:\/\/aplicacao.rio.br\/vilamilitar\/?p=2262"},"modified":"2014-07-10T14:08:33","modified_gmt":"2014-07-10T14:08:33","slug":"visita-ao-horto","status":"publish","type":"post","link":"https:\/\/aplicacao.rio.br\/vilamilitar\/visita-ao-horto\/","title":{"rendered":"VISITA AO HORTO"},"content":{"rendered":"<p>Visando aprofundar conhecimentos na disciplina de Ci\u00eancias, a professora Larissa organizou uma visita monitorada ao Horto.<\/p>\n<p>A visita monitorada ao Horto tem como objetivos, refor\u00e7ar a pr\u00e1tica de compara\u00e7\u00e3o entre os grupos vegetais e aquisi\u00e7\u00e3o de mudas para o jardim vertical.<\/p>\n<p>[gallery_bank album_id=26]<\/p>\n","protected":false},"excerpt":{"rendered":"<p>Visando aprofundar conhecimentos na disciplina de Ci\u00eancias, a professora Larissa organizou uma visita monitorada ao Horto. A visita monitorada ao Horto tem como objetivos, refor\u00e7ar a pr\u00e1tica de compara\u00e7\u00e3o entre os grupos vegetais e aquisi\u00e7\u00e3o de mudas para o jardim vertical. [gallery_bank album_id=26]<\/p>\n","protected":false},"author":4918,"featured_media":0,"comment_status":"closed","ping_status":"open","sticky":false,"template":"","format":"standard","meta":{"footnotes":"","_links_to":"","_links_to_target":""},"categories":[1],"tags":[],"class_list":["post-2262","post","type-post","status-publish","format-standard","hentry","category-noticias"],"_links":{"self":[{"href":"https:\/\/aplicacao.rio.br\/vilamilitar\/wp-json\/wp\/v2\/posts\/2262","targetHints":{"allow":["GET"]}}],"collection":[{"href":"https:\/\/aplicacao.rio.br\/vilamilitar\/wp-json\/wp\/v2\/posts"}],"about":[{"href":"https:\/\/aplicacao.rio.br\/vilamilitar\/wp-json\/wp\/v2\/types\/post"}],"author":[{"embeddable":true,"href":"https:\/\/aplicacao.rio.br\/vilamilitar\/wp-json\/wp\/v2\/users\/4918"}],"replies":[{"embeddable":true,"href":"https:\/\/aplicacao.rio.br\/vilamilitar\/wp-json\/wp\/v2\/comments?post=2262"}],"version-history":[{"count":1,"href":"https:\/\/aplicacao.rio.br\/vilamilitar\/wp-json\/wp\/v2\/posts\/2262\/revisions"}],"predecessor-version":[{"id":2263,"href":"https:\/\/aplicacao.rio.br\/vilamilitar\/wp-json\/wp\/v2\/posts\/2262\/revisions\/2263"}],"wp:attachment":[{"href":"https:\/\/aplicacao.rio.br\/vilamilitar\/wp-json\/wp\/v2\/media?parent=2262"}],"wp:term":[{"taxonomy":"category","embeddable":true,"href":"https:\/\/aplicacao.rio.br\/vilamilitar\/wp-json\/wp\/v2\/categories?post=2262"},{"taxonomy":"post_tag","embeddable":true,"href":"https:\/\/aplicacao.rio.br\/vilamilitar\/wp-json\/wp\/v2\/tags?post=2262"}],"curies":[{"name":"wp","href":"https:\/\/api.w.org\/{rel}","templated":true}]}}