{"id":2259,"date":"2014-07-10T14:06:09","date_gmt":"2014-07-10T14:06:09","guid":{"rendered":"https:\/\/aplicacao.rio.br\/vilamilitar\/?p=2259"},"modified":"2014-07-10T14:06:09","modified_gmt":"2014-07-10T14:06:09","slug":"visita-ao-asilo-projeto-vivendo-as-diferencas","status":"publish","type":"post","link":"https:\/\/aplicacao.rio.br\/vilamilitar\/visita-ao-asilo-projeto-vivendo-as-diferencas\/","title":{"rendered":"VISITA AO ASILO &#8211; PROJETO VIVENDO AS DIFEREN\u00c7AS"},"content":{"rendered":"<p>Os alunos do Ensino M\u00e9dio, desenvolveram nas disciplinas de Sociologia e Filosofia o Projeto <strong><span style=\"color: #008080;\">\u201cVivendo as Diferen\u00e7as\u201d<\/span><\/strong>, com o objetivo principal de marcar a capacidade de respeitar e ajudar ao pr\u00f3ximo, capacidade que precisa ser estimulada e cultivada no adolescente.<\/p>\n<p>Como parte do projeto, nossos alunos participaram de um momento de integra\u00e7\u00e3o social e humana, desenvolvendo habilidades de valores, respeito e conscientiza\u00e7\u00e3o dos problemas sociais de abandono e falta de comprometimento na melhor idade, realizando uma visita ao Abrigo de idosos Guarapes.<\/p>\n<p>Foi um momento de emo\u00e7\u00e3o e doa\u00e7\u00e3o onde nossos adolescentes deram um show de dedica\u00e7\u00e3o e carinho!<\/p>\n<p>[gallery_bank album_id=27]<\/p>\n","protected":false},"excerpt":{"rendered":"<p>Os alunos do Ensino M\u00e9dio, desenvolveram nas disciplinas de Sociologia e Filosofia o Projeto \u201cVivendo as Diferen\u00e7as\u201d, com o objetivo principal de marcar a capacidade de respeitar e ajudar ao pr\u00f3ximo, capacidade que precisa ser estimulada e cultivada no adolescente. Como parte do projeto, nossos alunos participaram de um momento de integra\u00e7\u00e3o social e humana, desenvolvendo habilidades de valores, respeito e conscientiza\u00e7\u00e3o dos problemas sociais de abandono e falta de&hellip;<\/p>\n","protected":false},"author":4918,"featured_media":0,"comment_status":"closed","ping_status":"open","sticky":false,"template":"","format":"standard","meta":{"footnotes":"","_links_to":"","_links_to_target":""},"categories":[1],"tags":[],"class_list":["post-2259","post","type-post","status-publish","format-standard","hentry","category-noticias"],"_links":{"self":[{"href":"https:\/\/aplicacao.rio.br\/vilamilitar\/wp-json\/wp\/v2\/posts\/2259","targetHints":{"allow":["GET"]}}],"collection":[{"href":"https:\/\/aplicacao.rio.br\/vilamilitar\/wp-json\/wp\/v2\/posts"}],"about":[{"href":"https:\/\/aplicacao.rio.br\/vilamilitar\/wp-json\/wp\/v2\/types\/post"}],"author":[{"embeddable":true,"href":"https:\/\/aplicacao.rio.br\/vilamilitar\/wp-json\/wp\/v2\/users\/4918"}],"replies":[{"embeddable":true,"href":"https:\/\/aplicacao.rio.br\/vilamilitar\/wp-json\/wp\/v2\/comments?post=2259"}],"version-history":[{"count":2,"href":"https:\/\/aplicacao.rio.br\/vilamilitar\/wp-json\/wp\/v2\/posts\/2259\/revisions"}],"predecessor-version":[{"id":2261,"href":"https:\/\/aplicacao.rio.br\/vilamilitar\/wp-json\/wp\/v2\/posts\/2259\/revisions\/2261"}],"wp:attachment":[{"href":"https:\/\/aplicacao.rio.br\/vilamilitar\/wp-json\/wp\/v2\/media?parent=2259"}],"wp:term":[{"taxonomy":"category","embeddable":true,"href":"https:\/\/aplicacao.rio.br\/vilamilitar\/wp-json\/wp\/v2\/categories?post=2259"},{"taxonomy":"post_tag","embeddable":true,"href":"https:\/\/aplicacao.rio.br\/vilamilitar\/wp-json\/wp\/v2\/tags?post=2259"}],"curies":[{"name":"wp","href":"https:\/\/api.w.org\/{rel}","templated":true}]}}