{"id":2148,"date":"2014-05-26T19:46:36","date_gmt":"2014-05-26T19:46:36","guid":{"rendered":"https:\/\/aplicacao.rio.br\/vilamilitar\/?p=2148"},"modified":"2014-05-26T19:46:36","modified_gmt":"2014-05-26T19:46:36","slug":"explorando-nossa-escola-aula-pratica-sobre-vegetais","status":"publish","type":"post","link":"https:\/\/aplicacao.rio.br\/vilamilitar\/explorando-nossa-escola-aula-pratica-sobre-vegetais\/","title":{"rendered":"Explorando nossa escola: Aula pr\u00e1tica sobre vegetais"},"content":{"rendered":"<p>Explorando\u00a0o espa\u00e7o do col\u00e9gio, nossos alunos do 7\u00ba ano, tiveram que coletar\u00a0alguns exemplares dispon\u00edveis e realizar algumas observa\u00e7\u00f5es\u00a0sobre os mesmos.<\/p>\n<p>Ir\u00e3o elaborar\u00a0um relat\u00f3rio baseados no estudo.<\/p>\n<p>&nbsp;<\/p>\n<p>[gallery_bank album_id=23]<\/p>\n<p>&nbsp;<\/p>\n","protected":false},"excerpt":{"rendered":"<p>Explorando\u00a0o espa\u00e7o do col\u00e9gio, nossos alunos do 7\u00ba ano, tiveram que coletar\u00a0alguns exemplares dispon\u00edveis e realizar algumas observa\u00e7\u00f5es\u00a0sobre os mesmos. Ir\u00e3o elaborar\u00a0um relat\u00f3rio baseados no estudo. &nbsp; [gallery_bank album_id=23] &nbsp;<\/p>\n","protected":false},"author":4918,"featured_media":0,"comment_status":"closed","ping_status":"open","sticky":false,"template":"","format":"standard","meta":{"footnotes":"","_links_to":"","_links_to_target":""},"categories":[1],"tags":[],"class_list":["post-2148","post","type-post","status-publish","format-standard","hentry","category-noticias"],"_links":{"self":[{"href":"https:\/\/aplicacao.rio.br\/vilamilitar\/wp-json\/wp\/v2\/posts\/2148","targetHints":{"allow":["GET"]}}],"collection":[{"href":"https:\/\/aplicacao.rio.br\/vilamilitar\/wp-json\/wp\/v2\/posts"}],"about":[{"href":"https:\/\/aplicacao.rio.br\/vilamilitar\/wp-json\/wp\/v2\/types\/post"}],"author":[{"embeddable":true,"href":"https:\/\/aplicacao.rio.br\/vilamilitar\/wp-json\/wp\/v2\/users\/4918"}],"replies":[{"embeddable":true,"href":"https:\/\/aplicacao.rio.br\/vilamilitar\/wp-json\/wp\/v2\/comments?post=2148"}],"version-history":[{"count":2,"href":"https:\/\/aplicacao.rio.br\/vilamilitar\/wp-json\/wp\/v2\/posts\/2148\/revisions"}],"predecessor-version":[{"id":2168,"href":"https:\/\/aplicacao.rio.br\/vilamilitar\/wp-json\/wp\/v2\/posts\/2148\/revisions\/2168"}],"wp:attachment":[{"href":"https:\/\/aplicacao.rio.br\/vilamilitar\/wp-json\/wp\/v2\/media?parent=2148"}],"wp:term":[{"taxonomy":"category","embeddable":true,"href":"https:\/\/aplicacao.rio.br\/vilamilitar\/wp-json\/wp\/v2\/categories?post=2148"},{"taxonomy":"post_tag","embeddable":true,"href":"https:\/\/aplicacao.rio.br\/vilamilitar\/wp-json\/wp\/v2\/tags?post=2148"}],"curies":[{"name":"wp","href":"https:\/\/api.w.org\/{rel}","templated":true}]}}