{"id":2091,"date":"2014-05-16T15:11:10","date_gmt":"2014-05-16T15:11:10","guid":{"rendered":"https:\/\/aplicacao.rio.br\/vilamilitar\/?p=2091"},"modified":"2014-05-17T21:05:55","modified_gmt":"2014-05-17T21:05:55","slug":"oba-olimpiada-brasileira-de-astronomia","status":"publish","type":"post","link":"https:\/\/aplicacao.rio.br\/vilamilitar\/oba-olimpiada-brasileira-de-astronomia\/","title":{"rendered":"OBA &#8211; OLIMP\u00cdADA BRASILEIRA DE ASTRONOMIA E ASTRON\u00c1UTICA"},"content":{"rendered":"<p><a href=\"https:\/\/aplicacao.rio.br\/vilamilitar\/wp-content\/uploads\/2014\/05\/cartaz_final_2014-01.jpg\"><img loading=\"lazy\" decoding=\"async\" class=\"alignnone size-full wp-image-2092\" alt=\"cartaz_final_2014-01\" src=\"https:\/\/aplicacao.rio.br\/vilamilitar\/wp-content\/uploads\/2014\/05\/cartaz_final_2014-01.jpg\" width=\"700\" height=\"984\" srcset=\"https:\/\/aplicacao.rio.br\/vilamilitar\/wp-content\/uploads\/2014\/05\/cartaz_final_2014-01.jpg 700w, https:\/\/aplicacao.rio.br\/vilamilitar\/wp-content\/uploads\/2014\/05\/cartaz_final_2014-01-213x300.jpg 213w\" sizes=\"auto, (max-width: 700px) 100vw, 700px\" \/><\/a><\/p>\n<p>Nossos alunos do 9\u00ba ano e 1\u00aa s\u00e9rie est\u00e3o participando da <span style=\"color: #008080;\"><strong>17\u00aa edi\u00e7\u00e3o da OBA &#8211; Olimp\u00edada Brasileira de Astronomia<\/strong><\/span>. As provas ser\u00e3o nessa sexta-feira, dia 16 de maio. Boa sorte pessoal!<\/p>\n<p><strong><span style=\"color: #008080;\">Saiba mais sobre a OBA no link<\/span><\/strong> <a href=\"http:\/\/goo.gl\/FzARAD\" target=\"_blank\">http:\/\/goo.gl\/FzARAD<\/a><\/p>\n<p>&nbsp;<\/p>\n<p>[gallery_bank album_id=21]<\/p>\n","protected":false},"excerpt":{"rendered":"<p>Nossos alunos do 9\u00ba ano e 1\u00aa s\u00e9rie est\u00e3o participando da 17\u00aa edi\u00e7\u00e3o da OBA &#8211; Olimp\u00edada Brasileira de Astronomia. As provas ser\u00e3o nessa sexta-feira, dia 16 de maio. Boa sorte pessoal! Saiba mais sobre a OBA no link http:\/\/goo.gl\/FzARAD &nbsp; [gallery_bank album_id=21]<\/p>\n","protected":false},"author":4918,"featured_media":0,"comment_status":"closed","ping_status":"open","sticky":false,"template":"","format":"standard","meta":{"footnotes":"","_links_to":"","_links_to_target":""},"categories":[1],"tags":[],"class_list":["post-2091","post","type-post","status-publish","format-standard","hentry","category-noticias"],"_links":{"self":[{"href":"https:\/\/aplicacao.rio.br\/vilamilitar\/wp-json\/wp\/v2\/posts\/2091","targetHints":{"allow":["GET"]}}],"collection":[{"href":"https:\/\/aplicacao.rio.br\/vilamilitar\/wp-json\/wp\/v2\/posts"}],"about":[{"href":"https:\/\/aplicacao.rio.br\/vilamilitar\/wp-json\/wp\/v2\/types\/post"}],"author":[{"embeddable":true,"href":"https:\/\/aplicacao.rio.br\/vilamilitar\/wp-json\/wp\/v2\/users\/4918"}],"replies":[{"embeddable":true,"href":"https:\/\/aplicacao.rio.br\/vilamilitar\/wp-json\/wp\/v2\/comments?post=2091"}],"version-history":[{"count":12,"href":"https:\/\/aplicacao.rio.br\/vilamilitar\/wp-json\/wp\/v2\/posts\/2091\/revisions"}],"predecessor-version":[{"id":2096,"href":"https:\/\/aplicacao.rio.br\/vilamilitar\/wp-json\/wp\/v2\/posts\/2091\/revisions\/2096"}],"wp:attachment":[{"href":"https:\/\/aplicacao.rio.br\/vilamilitar\/wp-json\/wp\/v2\/media?parent=2091"}],"wp:term":[{"taxonomy":"category","embeddable":true,"href":"https:\/\/aplicacao.rio.br\/vilamilitar\/wp-json\/wp\/v2\/categories?post=2091"},{"taxonomy":"post_tag","embeddable":true,"href":"https:\/\/aplicacao.rio.br\/vilamilitar\/wp-json\/wp\/v2\/tags?post=2091"}],"curies":[{"name":"wp","href":"https:\/\/api.w.org\/{rel}","templated":true}]}}