{"id":2089,"date":"2014-05-15T13:28:51","date_gmt":"2014-05-15T13:28:51","guid":{"rendered":"https:\/\/aplicacao.rio.br\/vilamilitar\/?p=2089"},"modified":"2014-05-15T13:28:51","modified_gmt":"2014-05-15T13:28:51","slug":"formacao-de-um-vulcao","status":"publish","type":"post","link":"https:\/\/aplicacao.rio.br\/vilamilitar\/formacao-de-um-vulcao\/","title":{"rendered":"Forma\u00e7\u00e3o de um vulc\u00e3o"},"content":{"rendered":"<p>Os alunos do 6\u00ba ano, orientados pela professora Larissa, constru\u00edram, no Laborat\u00f3rio de Ci\u00eancias, \u00a0a maquete de um vulc\u00e3o.<\/p>\n<p>Relacionaram seu surgimento, com a movimenta\u00e7\u00e3o das placas tect\u00f4nicas, utilizando como exemplo de desastre natural, descobrindo como ocorre sua erup\u00e7\u00e3o, o magma e forma\u00e7\u00e3o da larva.<\/p>\n<p>Foi trabalhado o conceito de rochas magm\u00e1ticas.<\/p>\n<p>Atividade que fez com que os alunos colocassem a m\u00e3o na massa!<\/p>\n<p>[gallery_bank album_id=20]<\/p>\n","protected":false},"excerpt":{"rendered":"<p>Os alunos do 6\u00ba ano, orientados pela professora Larissa, constru\u00edram, no Laborat\u00f3rio de Ci\u00eancias, \u00a0a maquete de um vulc\u00e3o. Relacionaram seu surgimento, com a movimenta\u00e7\u00e3o das placas tect\u00f4nicas, utilizando como exemplo de desastre natural, descobrindo como ocorre sua erup\u00e7\u00e3o, o magma e forma\u00e7\u00e3o da larva. Foi trabalhado o conceito de rochas magm\u00e1ticas. Atividade que fez com que os alunos colocassem a m\u00e3o na massa! [gallery_bank album_id=20]<\/p>\n","protected":false},"author":4918,"featured_media":0,"comment_status":"closed","ping_status":"open","sticky":false,"template":"","format":"standard","meta":{"footnotes":"","_links_to":"","_links_to_target":""},"categories":[1],"tags":[],"class_list":["post-2089","post","type-post","status-publish","format-standard","hentry","category-noticias"],"_links":{"self":[{"href":"https:\/\/aplicacao.rio.br\/vilamilitar\/wp-json\/wp\/v2\/posts\/2089","targetHints":{"allow":["GET"]}}],"collection":[{"href":"https:\/\/aplicacao.rio.br\/vilamilitar\/wp-json\/wp\/v2\/posts"}],"about":[{"href":"https:\/\/aplicacao.rio.br\/vilamilitar\/wp-json\/wp\/v2\/types\/post"}],"author":[{"embeddable":true,"href":"https:\/\/aplicacao.rio.br\/vilamilitar\/wp-json\/wp\/v2\/users\/4918"}],"replies":[{"embeddable":true,"href":"https:\/\/aplicacao.rio.br\/vilamilitar\/wp-json\/wp\/v2\/comments?post=2089"}],"version-history":[{"count":1,"href":"https:\/\/aplicacao.rio.br\/vilamilitar\/wp-json\/wp\/v2\/posts\/2089\/revisions"}],"predecessor-version":[{"id":2090,"href":"https:\/\/aplicacao.rio.br\/vilamilitar\/wp-json\/wp\/v2\/posts\/2089\/revisions\/2090"}],"wp:attachment":[{"href":"https:\/\/aplicacao.rio.br\/vilamilitar\/wp-json\/wp\/v2\/media?parent=2089"}],"wp:term":[{"taxonomy":"category","embeddable":true,"href":"https:\/\/aplicacao.rio.br\/vilamilitar\/wp-json\/wp\/v2\/categories?post=2089"},{"taxonomy":"post_tag","embeddable":true,"href":"https:\/\/aplicacao.rio.br\/vilamilitar\/wp-json\/wp\/v2\/tags?post=2089"}],"curies":[{"name":"wp","href":"https:\/\/api.w.org\/{rel}","templated":true}]}}