{"id":15790,"date":"2016-08-17T12:36:57","date_gmt":"2016-08-17T12:36:57","guid":{"rendered":"https:\/\/aplicacao.rio.br\/vilamilitar\/?p=15790"},"modified":"2016-08-17T12:36:57","modified_gmt":"2016-08-17T12:36:57","slug":"reitor-prof-antonio-jose-zaib-e-o-novo-presidente-do-cee-rj","status":"publish","type":"post","link":"https:\/\/aplicacao.rio.br\/vilamilitar\/reitor-prof-antonio-jose-zaib-e-o-novo-presidente-do-cee-rj\/","title":{"rendered":"REITOR PROF. ANT\u00d4NIO JOS\u00c9 ZAIB \u00c9 O NOVO PRESIDENTE DO CEE RJ"},"content":{"rendered":"<p><a href=\"https:\/\/aplicacao.rio.br\/vilamilitar\/wp-content\/uploads\/2016\/08\/cca.jpg\"><img loading=\"lazy\" decoding=\"async\" class=\"alignnone size-full wp-image-15791\" src=\"https:\/\/aplicacao.rio.br\/vilamilitar\/wp-content\/uploads\/2016\/08\/cca.jpg\" alt=\"cca\" width=\"841\" height=\"402\" srcset=\"https:\/\/aplicacao.rio.br\/vilamilitar\/wp-content\/uploads\/2016\/08\/cca.jpg 841w, https:\/\/aplicacao.rio.br\/vilamilitar\/wp-content\/uploads\/2016\/08\/cca-300x143.jpg 300w\" sizes=\"auto, (max-width: 841px) 100vw, 841px\" \/><\/a><\/p>\n<p><span style=\"color: #008080;\"><strong>O Mag. Reitor das Faculdades S\u00e3o Jos\u00e9, Col\u00e9gio Realengo e Col\u00e9gio e Curso Aplica\u00e7\u00e3o, Prof. Ant\u00f4nio Jos\u00e9 Zaib, foi nomeado pelo Governador do Estado do Rio de Janeiro para a Presid\u00eancia do Conselho Estadual de Educa\u00e7\u00e3o (CEE RJ).<\/strong><\/span><\/p>\n<p>Com mais de 40 anos de exist\u00eancia, o CEE RJ \u00e9 o \u00f3rg\u00e3o normativo e recursal do Sistema Estadual de Educa\u00e7\u00e3o, respons\u00e1vel pelos regulamentos e normas pa<span class=\"text_exposed_show\">ra a autoriza\u00e7\u00e3o de cursos, desde a educa\u00e7\u00e3o b\u00e1sica at\u00e9 os cursos profissionalizantes e cursos superiores.<\/span><\/p>\n<div class=\"text_exposed_show\">\n<p>O Prof. Ant\u00f4nio Jos\u00e9 Zaib, com mais de 60 anos atuando na Educa\u00e7\u00e3o do Rio, pioneiro na Zona Oeste, e h\u00e1 mais de uma d\u00e9cada participante como Conselheiro do CEE RJ, n\u00e3o esconde a sua satisfa\u00e7\u00e3o com a nomea\u00e7\u00e3o.<\/p>\n<p><em>\u201cAtuar na \u00e1rea da educa\u00e7\u00e3o como professor, como empreendedor, como diretor de institui\u00e7\u00e3o de ensino e como Presidente do Conselho Estadual de Educa\u00e7\u00e3o, representa para mim a realiza\u00e7\u00e3o total. Nada me seria mais recompensador na vida. Pois, saber que, por menos que se queira maximizar a import\u00e2ncia de ter assim atuado com denodo e, segundo alguns amigos de jornada, quixotescamente, movido por um ideal, a consci\u00eancia de haver participado da forma\u00e7\u00e3o acad\u00eamica, moral e profissional de dezenas de milhares de brasileiros, contribuindo decisivamente para o desenvolvimento da Na\u00e7\u00e3o, \u00e9 um laurel de valor incomensur\u00e1vel; \u00e9 um galard\u00e3o que ostento em minha alma como uma condecora\u00e7\u00e3o a mim conferida por uma das mais altas cortes da humanidade: o Instituto Democr\u00e1tico do Saber\u201d<\/em>, afirma o nosso querido Reitor.<\/p>\n<p><strong><span style=\"color: #008080;\">Veja aqui a publica\u00e7\u00e3o no Di\u00e1rio Oficial do RJ &gt;&gt;<\/span> <a href=\"http:\/\/l.facebook.com\/l.php?u=http%3A%2F%2Fgoo.gl%2FZqNPxz&amp;h=2AQH1lK1JAQHereX2SPDBRQbH9Ffx9lI4FSQN17M3fsq9uQ&amp;enc=AZPRXRgh5MyIn4ifkvCFyEIp9Uwqz21lLZ6QisYpqXzuRmoBbGt_5srr6hPR23j_YknFOMJ9_7IbSgJrKL_3BIjpeQUE_lvzYJnG8bHZJ2TwnNTGMW53BYrFlHjaL0PsRCJxIGPAqXh8nzZKYqCtCJPdpX1HOWF-YlQW1rhRzX8qJlq3lsE9dxNcA7ATbUrgHx959TwA6_hev3P-LqIpzvoE&amp;s=1\" target=\"_blank\" rel=\"nofollow\">http:\/\/goo.gl\/ZqNPxz<\/a><\/strong><\/p>\n<\/div>\n","protected":false},"excerpt":{"rendered":"<p>O Mag. Reitor das Faculdades S\u00e3o Jos\u00e9, Col\u00e9gio Realengo e Col\u00e9gio e Curso Aplica\u00e7\u00e3o, Prof. Ant\u00f4nio Jos\u00e9 Zaib, foi nomeado pelo Governador do Estado do Rio de Janeiro para a Presid\u00eancia do Conselho Estadual de Educa\u00e7\u00e3o (CEE RJ). Com mais de 40 anos de exist\u00eancia, o CEE RJ \u00e9 o \u00f3rg\u00e3o normativo e recursal do Sistema Estadual de Educa\u00e7\u00e3o, respons\u00e1vel pelos regulamentos e normas para a autoriza\u00e7\u00e3o de cursos, desde&hellip;<\/p>\n","protected":false},"author":4918,"featured_media":0,"comment_status":"closed","ping_status":"open","sticky":false,"template":"","format":"standard","meta":{"footnotes":"","_links_to":"","_links_to_target":""},"categories":[1],"tags":[],"class_list":["post-15790","post","type-post","status-publish","format-standard","hentry","category-noticias"],"_links":{"self":[{"href":"https:\/\/aplicacao.rio.br\/vilamilitar\/wp-json\/wp\/v2\/posts\/15790","targetHints":{"allow":["GET"]}}],"collection":[{"href":"https:\/\/aplicacao.rio.br\/vilamilitar\/wp-json\/wp\/v2\/posts"}],"about":[{"href":"https:\/\/aplicacao.rio.br\/vilamilitar\/wp-json\/wp\/v2\/types\/post"}],"author":[{"embeddable":true,"href":"https:\/\/aplicacao.rio.br\/vilamilitar\/wp-json\/wp\/v2\/users\/4918"}],"replies":[{"embeddable":true,"href":"https:\/\/aplicacao.rio.br\/vilamilitar\/wp-json\/wp\/v2\/comments?post=15790"}],"version-history":[{"count":1,"href":"https:\/\/aplicacao.rio.br\/vilamilitar\/wp-json\/wp\/v2\/posts\/15790\/revisions"}],"predecessor-version":[{"id":15792,"href":"https:\/\/aplicacao.rio.br\/vilamilitar\/wp-json\/wp\/v2\/posts\/15790\/revisions\/15792"}],"wp:attachment":[{"href":"https:\/\/aplicacao.rio.br\/vilamilitar\/wp-json\/wp\/v2\/media?parent=15790"}],"wp:term":[{"taxonomy":"category","embeddable":true,"href":"https:\/\/aplicacao.rio.br\/vilamilitar\/wp-json\/wp\/v2\/categories?post=15790"},{"taxonomy":"post_tag","embeddable":true,"href":"https:\/\/aplicacao.rio.br\/vilamilitar\/wp-json\/wp\/v2\/tags?post=15790"}],"curies":[{"name":"wp","href":"https:\/\/api.w.org\/{rel}","templated":true}]}}