{"id":1549,"date":"2014-04-01T16:10:55","date_gmt":"2014-04-01T16:10:55","guid":{"rendered":"https:\/\/aplicacao.rio.br\/vilamilitar\/?p=1549"},"modified":"2014-04-01T16:17:23","modified_gmt":"2014-04-01T16:17:23","slug":"visita-ao-mirante-major-rezk","status":"publish","type":"post","link":"https:\/\/aplicacao.rio.br\/vilamilitar\/visita-ao-mirante-major-rezk\/","title":{"rendered":"Visita ao Mirante Major Rezk"},"content":{"rendered":"<p><span style=\"color: #008080;\"><strong>O Col\u00e9gio e Curso Aplica\u00e7\u00e3o foi o primeiro col\u00e9gio a realizar uma visita ao Mirante Major Rezk<\/strong><\/span>,\u00a0 inaugurado em fevereiro de 2014 pelo General Abreu, Comandante da 1\u00aa D.E.<\/p>\n<p>O Mirante est\u00e1 localizado no Campo de Instru\u00e7\u00e3o de Gericin\u00f3 (CIG).<\/p>\n<p>Nossos alunos foram acompanhados por funcion\u00e1rios da escola e por\u00a0 guia do ex\u00e9rcito que explanou fatos sobre a cria\u00e7\u00e3o da Vila Militar;\u00a0 a utiliza\u00e7\u00e3o do CIG no passado &#8211; por tropas que foram \u00e0 2\u00aa Guerra Mundial e na atualidade &#8211; para o adestramento das diversas especialidades de tropas.<\/p>\n<p>Foram transportados por viaturas operacionais do Ex\u00e9rcito e levados ao topo da eleva\u00e7\u00e3o onde se encontra o Mirante.<\/p>\n<p>Uma oportunidade \u00fanica!<\/p>\n<p>[gallery_bank album_id=8]<\/p>\n","protected":false},"excerpt":{"rendered":"<p>O Col\u00e9gio e Curso Aplica\u00e7\u00e3o foi o primeiro col\u00e9gio a realizar uma visita ao Mirante Major Rezk,\u00a0 inaugurado em fevereiro de 2014 pelo General Abreu, Comandante da 1\u00aa D.E. O Mirante est\u00e1 localizado no Campo de Instru\u00e7\u00e3o de Gericin\u00f3 (CIG). Nossos alunos foram acompanhados por funcion\u00e1rios da escola e por\u00a0 guia do ex\u00e9rcito que explanou fatos sobre a cria\u00e7\u00e3o da Vila Militar;\u00a0 a utiliza\u00e7\u00e3o do CIG no passado &#8211; por&hellip;<\/p>\n","protected":false},"author":4918,"featured_media":0,"comment_status":"closed","ping_status":"open","sticky":false,"template":"","format":"standard","meta":{"footnotes":"","_links_to":"","_links_to_target":""},"categories":[1],"tags":[],"class_list":["post-1549","post","type-post","status-publish","format-standard","hentry","category-noticias"],"_links":{"self":[{"href":"https:\/\/aplicacao.rio.br\/vilamilitar\/wp-json\/wp\/v2\/posts\/1549","targetHints":{"allow":["GET"]}}],"collection":[{"href":"https:\/\/aplicacao.rio.br\/vilamilitar\/wp-json\/wp\/v2\/posts"}],"about":[{"href":"https:\/\/aplicacao.rio.br\/vilamilitar\/wp-json\/wp\/v2\/types\/post"}],"author":[{"embeddable":true,"href":"https:\/\/aplicacao.rio.br\/vilamilitar\/wp-json\/wp\/v2\/users\/4918"}],"replies":[{"embeddable":true,"href":"https:\/\/aplicacao.rio.br\/vilamilitar\/wp-json\/wp\/v2\/comments?post=1549"}],"version-history":[{"count":3,"href":"https:\/\/aplicacao.rio.br\/vilamilitar\/wp-json\/wp\/v2\/posts\/1549\/revisions"}],"predecessor-version":[{"id":1551,"href":"https:\/\/aplicacao.rio.br\/vilamilitar\/wp-json\/wp\/v2\/posts\/1549\/revisions\/1551"}],"wp:attachment":[{"href":"https:\/\/aplicacao.rio.br\/vilamilitar\/wp-json\/wp\/v2\/media?parent=1549"}],"wp:term":[{"taxonomy":"category","embeddable":true,"href":"https:\/\/aplicacao.rio.br\/vilamilitar\/wp-json\/wp\/v2\/categories?post=1549"},{"taxonomy":"post_tag","embeddable":true,"href":"https:\/\/aplicacao.rio.br\/vilamilitar\/wp-json\/wp\/v2\/tags?post=1549"}],"curies":[{"name":"wp","href":"https:\/\/api.w.org\/{rel}","templated":true}]}}