{"id":1447,"date":"2014-02-10T15:14:08","date_gmt":"2014-02-10T15:14:08","guid":{"rendered":"https:\/\/aplicacao.rio.br\/vilamilitar\/?p=1447"},"modified":"2014-02-10T16:35:29","modified_gmt":"2014-02-10T16:35:29","slug":"1a-reuniao-de-responsaveis-2014","status":"publish","type":"post","link":"https:\/\/aplicacao.rio.br\/vilamilitar\/1a-reuniao-de-responsaveis-2014\/","title":{"rendered":"1\u00aa Reuni\u00e3o de Respons\u00e1veis &#8211; 2014"},"content":{"rendered":"<p>Aconteceu entre os dias 30 de janeiro e 04 de fevereiro a 1\u00aa Reuni\u00e3o de Respons\u00e1veis do Col\u00e9gio e Curso Aplica\u00e7\u00e3o. Nela apresentamos nossa Proposta Pedag\u00f3gica de 2014, a equipe diretiva e nossos professores.<\/p>\n<p>Clique no PDF abaixo e veja tamb\u00e9m a mensagem &#8220;F\u00e1bula das M\u00e3os&#8221; apresentada pela Dire\u00e7\u00e3o.<\/p>\n<p><a href=\"https:\/\/aplicacao.rio.br\/vilamilitar\/wp-content\/uploads\/2014\/02\/mensagem_direcao.ppt\" target=\"_blank\"><img loading=\"lazy\" decoding=\"async\" class=\"alignnone size-full wp-image-1474\" alt=\"mensagem_new\" src=\"https:\/\/aplicacao.rio.br\/vilamilitar\/wp-content\/uploads\/2014\/02\/mensagem_new.png\" width=\"700\" height=\"50\" srcset=\"https:\/\/aplicacao.rio.br\/vilamilitar\/wp-content\/uploads\/2014\/02\/mensagem_new.png 700w, https:\/\/aplicacao.rio.br\/vilamilitar\/wp-content\/uploads\/2014\/02\/mensagem_new-300x21.png 300w\" sizes=\"auto, (max-width: 700px) 100vw, 700px\" \/><\/a><\/p>\n<p>[gallery_bank album_id=7]<\/p>\n","protected":false},"excerpt":{"rendered":"<p>Aconteceu entre os dias 30 de janeiro e 04 de fevereiro a 1\u00aa Reuni\u00e3o de Respons\u00e1veis do Col\u00e9gio e Curso Aplica\u00e7\u00e3o. Nela apresentamos nossa Proposta Pedag\u00f3gica de 2014, a equipe diretiva e nossos professores. Clique no PDF abaixo e veja tamb\u00e9m a mensagem &#8220;F\u00e1bula das M\u00e3os&#8221; apresentada pela Dire\u00e7\u00e3o. [gallery_bank album_id=7]<\/p>\n","protected":false},"author":4918,"featured_media":0,"comment_status":"closed","ping_status":"open","sticky":false,"template":"","format":"standard","meta":{"footnotes":"","_links_to":"","_links_to_target":""},"categories":[1],"tags":[],"class_list":["post-1447","post","type-post","status-publish","format-standard","hentry","category-noticias"],"_links":{"self":[{"href":"https:\/\/aplicacao.rio.br\/vilamilitar\/wp-json\/wp\/v2\/posts\/1447","targetHints":{"allow":["GET"]}}],"collection":[{"href":"https:\/\/aplicacao.rio.br\/vilamilitar\/wp-json\/wp\/v2\/posts"}],"about":[{"href":"https:\/\/aplicacao.rio.br\/vilamilitar\/wp-json\/wp\/v2\/types\/post"}],"author":[{"embeddable":true,"href":"https:\/\/aplicacao.rio.br\/vilamilitar\/wp-json\/wp\/v2\/users\/4918"}],"replies":[{"embeddable":true,"href":"https:\/\/aplicacao.rio.br\/vilamilitar\/wp-json\/wp\/v2\/comments?post=1447"}],"version-history":[{"count":4,"href":"https:\/\/aplicacao.rio.br\/vilamilitar\/wp-json\/wp\/v2\/posts\/1447\/revisions"}],"predecessor-version":[{"id":1472,"href":"https:\/\/aplicacao.rio.br\/vilamilitar\/wp-json\/wp\/v2\/posts\/1447\/revisions\/1472"}],"wp:attachment":[{"href":"https:\/\/aplicacao.rio.br\/vilamilitar\/wp-json\/wp\/v2\/media?parent=1447"}],"wp:term":[{"taxonomy":"category","embeddable":true,"href":"https:\/\/aplicacao.rio.br\/vilamilitar\/wp-json\/wp\/v2\/categories?post=1447"},{"taxonomy":"post_tag","embeddable":true,"href":"https:\/\/aplicacao.rio.br\/vilamilitar\/wp-json\/wp\/v2\/tags?post=1447"}],"curies":[{"name":"wp","href":"https:\/\/api.w.org\/{rel}","templated":true}]}}