{"id":14207,"date":"2016-01-15T16:44:46","date_gmt":"2016-01-15T16:44:46","guid":{"rendered":"https:\/\/aplicacao.rio.br\/vilamilitar\/?p=14207"},"modified":"2016-01-15T16:44:46","modified_gmt":"2016-01-15T16:44:46","slug":"natal-solidario-2015","status":"publish","type":"post","link":"https:\/\/aplicacao.rio.br\/vilamilitar\/natal-solidario-2015\/","title":{"rendered":"Natal Solid\u00e1rio 2015"},"content":{"rendered":"<p>O Projeto Institucional denominado, \u201cNatal Solid\u00e1rio\u201d \u2013 promovido pelas\u00a0Faculdades S\u00e3o Jos\u00e9, Col\u00e9gio Realengo, Creche Aldeia Mirim e Col\u00e9gio e Curso Aplica\u00e7\u00e3o\u00a0foi realizado no dia 12\u00a0de dezembro, de 9h \u00e0s 12h, nas depend\u00eancias da Igreja Nossa Senhora da Concei\u00e7\u00e3o, situada na Pra\u00e7a de Realengo. O projeto teve como foco principal, crian\u00e7as assistidas pela Pastoral da Crian\u00e7a que atende fam\u00edlias em risco social da regi\u00e3o de Realengo.<\/p>\n<p>A parceria das referidas Institui\u00e7\u00f5es com a Igreja Nossa Senhora da Concei\u00e7\u00e3o para realiza\u00e7\u00e3o de atividades sociais j\u00e1 ocorre h\u00e1 2 anos. As FSJ por serem uma Institui\u00e7\u00e3o de Ensino Superior socialmente respons\u00e1vel, a cada ano v\u00eam contribuindo para a melhoria da qualidade de vida dos moradores da\u00a0regi\u00e3o. Isto decorre pelas excelentes atividades de cunho social e extensionistas realizadas pelos onze cursos de gradua\u00e7\u00e3o e atrav\u00e9s de renomados profissionais docentes de diversas especialidades, juntamente com alunos dos Programas de pesquisa, Extens\u00e3o e Monitoria.<\/p>\n<p>As atividades desenvolvidas nos eventos de Responsabilidade Social pelas institui\u00e7\u00f5es acima se constituem em atividades de Educa\u00e7\u00e3o para a Sa\u00fade e Educa\u00e7\u00e3o, Jur\u00eddica, L\u00fadico-Pedag\u00f3gico que envolvem todos os cursos das institui\u00e7\u00f5es acima. \u00a0No Projeto\u00a0Natal Solid\u00e1rio foram realizadas\u00a0distribui\u00e7\u00f5es de brinquedos, alimentos n\u00e3o perec\u00edveis, material de higiene e limpeza.<\/p>\n<p>Seguem abaixo, as doa\u00e7\u00f5es arrecadadas e distribu\u00eddas na 1\u00aa edi\u00e7\u00e3o do Projeto Natal Solid\u00e1rio das Faculdades S\u00e3o Jos\u00e9, conforme informa\u00e7\u00f5es da Gerencia de Eventos:<\/p>\n<p><strong>520 brinquedos (Novos e usados), 140 latas de leite NINHO, 67\u00a0sacos de leite em p\u00f3, 07\u00a0Latas de Leite NAN e 82\u00a0pacotes de Fraldas.<\/strong><\/p>\n<p>Consideramos, portanto, que tais eventos estabelecem com a comunidade local, um profundo\u00a0compromisso\u00a0 s\u00f3cio-educativo, atrav\u00e9s da identidade de seus cursos de gradua\u00e7\u00e3o, gerando valores e uma melhor qualidade\u00a0 de vida das pessoas, associadas\u00a0 \u00e0s marcas institucionais acima, que s\u00e3o sin\u00f4nimos de educa\u00e7\u00e3o de qualidade, resultando, \u00e9 claro, em uma maior visibilidade institucional.<\/p>\n<p>[gallery_bank album_id=120]<\/p>\n<p><img loading=\"lazy\" decoding=\"async\" class=\"alignnone size-full wp-image-14208\" src=\"https:\/\/aplicacao.rio.br\/vilamilitar\/wp-content\/uploads\/2016\/01\/natal_solidario-01.png\" alt=\"natal_solidario-01\" width=\"641\" height=\"900\" srcset=\"https:\/\/aplicacao.rio.br\/vilamilitar\/wp-content\/uploads\/2016\/01\/natal_solidario-01.png 641w, https:\/\/aplicacao.rio.br\/vilamilitar\/wp-content\/uploads\/2016\/01\/natal_solidario-01-214x300.png 214w\" sizes=\"auto, (max-width: 641px) 100vw, 641px\" \/><\/p>\n","protected":false},"excerpt":{"rendered":"<p>O Projeto Institucional denominado, \u201cNatal Solid\u00e1rio\u201d \u2013 promovido pelas\u00a0Faculdades S\u00e3o Jos\u00e9, Col\u00e9gio Realengo, Creche Aldeia Mirim e Col\u00e9gio e Curso Aplica\u00e7\u00e3o\u00a0foi realizado no dia 12\u00a0de dezembro, de 9h \u00e0s 12h, nas depend\u00eancias da Igreja Nossa Senhora da Concei\u00e7\u00e3o, situada na Pra\u00e7a de Realengo. O projeto teve como foco principal, crian\u00e7as assistidas pela Pastoral da Crian\u00e7a que atende fam\u00edlias em risco social da regi\u00e3o de Realengo. A parceria das referidas Institui\u00e7\u00f5es&hellip;<\/p>\n","protected":false},"author":4918,"featured_media":0,"comment_status":"closed","ping_status":"open","sticky":false,"template":"","format":"standard","meta":{"footnotes":"","_links_to":"","_links_to_target":""},"categories":[1],"tags":[],"class_list":["post-14207","post","type-post","status-publish","format-standard","hentry","category-noticias"],"_links":{"self":[{"href":"https:\/\/aplicacao.rio.br\/vilamilitar\/wp-json\/wp\/v2\/posts\/14207","targetHints":{"allow":["GET"]}}],"collection":[{"href":"https:\/\/aplicacao.rio.br\/vilamilitar\/wp-json\/wp\/v2\/posts"}],"about":[{"href":"https:\/\/aplicacao.rio.br\/vilamilitar\/wp-json\/wp\/v2\/types\/post"}],"author":[{"embeddable":true,"href":"https:\/\/aplicacao.rio.br\/vilamilitar\/wp-json\/wp\/v2\/users\/4918"}],"replies":[{"embeddable":true,"href":"https:\/\/aplicacao.rio.br\/vilamilitar\/wp-json\/wp\/v2\/comments?post=14207"}],"version-history":[{"count":1,"href":"https:\/\/aplicacao.rio.br\/vilamilitar\/wp-json\/wp\/v2\/posts\/14207\/revisions"}],"predecessor-version":[{"id":14209,"href":"https:\/\/aplicacao.rio.br\/vilamilitar\/wp-json\/wp\/v2\/posts\/14207\/revisions\/14209"}],"wp:attachment":[{"href":"https:\/\/aplicacao.rio.br\/vilamilitar\/wp-json\/wp\/v2\/media?parent=14207"}],"wp:term":[{"taxonomy":"category","embeddable":true,"href":"https:\/\/aplicacao.rio.br\/vilamilitar\/wp-json\/wp\/v2\/categories?post=14207"},{"taxonomy":"post_tag","embeddable":true,"href":"https:\/\/aplicacao.rio.br\/vilamilitar\/wp-json\/wp\/v2\/tags?post=14207"}],"curies":[{"name":"wp","href":"https:\/\/api.w.org\/{rel}","templated":true}]}}